{"id":2058,"date":"2021-04-02T10:45:12","date_gmt":"2021-04-02T13:45:12","guid":{"rendered":"https:\/\/kidsa.com\/?p=2058"},"modified":"2021-04-19T09:52:22","modified_gmt":"2021-04-19T12:52:22","slug":"2-de-abril-%e2%9d%a4%ef%b8%8f-dia-mundial-de-conscientizacao-do-autismo","status":"publish","type":"post","link":"https:\/\/kidsa.com\/2\/informativos\/2-de-abril-%e2%9d%a4%ef%b8%8f-dia-mundial-de-conscientizacao-do-autismo\/","title":{"rendered":"2 de abril \u2764\ufe0f Dia Mundial de Conscientiza\u00e7\u00e3o do Autismo!"},"content":{"rendered":"<p><img decoding=\"async\" class=\"wp-image-2059 aligncenter\" src=\"https:\/\/kidsa.com\/wp-content\/uploads\/2021\/04\/WhatsApp-Image-2021-04-02-at-10.34.22.jpeg\" alt=\"\" width=\"223\" height=\"223\" srcset=\"https:\/\/kidsa.com\/2\/wp-content\/uploads\/2021\/04\/WhatsApp-Image-2021-04-02-at-10.34.22.jpeg 1125w, https:\/\/kidsa.com\/2\/wp-content\/uploads\/2021\/04\/WhatsApp-Image-2021-04-02-at-10.34.22-300x300.jpeg 300w, https:\/\/kidsa.com\/2\/wp-content\/uploads\/2021\/04\/WhatsApp-Image-2021-04-02-at-10.34.22-1030x1030.jpeg 1030w, https:\/\/kidsa.com\/2\/wp-content\/uploads\/2021\/04\/WhatsApp-Image-2021-04-02-at-10.34.22-80x80.jpeg 80w, https:\/\/kidsa.com\/2\/wp-content\/uploads\/2021\/04\/WhatsApp-Image-2021-04-02-at-10.34.22-768x769.jpeg 768w, https:\/\/kidsa.com\/2\/wp-content\/uploads\/2021\/04\/WhatsApp-Image-2021-04-02-at-10.34.22-36x36.jpeg 36w, https:\/\/kidsa.com\/2\/wp-content\/uploads\/2021\/04\/WhatsApp-Image-2021-04-02-at-10.34.22-180x180.jpeg 180w, https:\/\/kidsa.com\/2\/wp-content\/uploads\/2021\/04\/WhatsApp-Image-2021-04-02-at-10.34.22-705x705.jpeg 705w\" sizes=\"(max-width: 223px) 100vw, 223px\" \/><\/p>\n<p>Nesta sexta-feira, 2 de abril, \u00e9 o Dia Mundial da Conscientiza\u00e7\u00e3o sobre o Autismo. Essa data foi estabelecida pela Organiza\u00e7\u00e3o das Na\u00e7\u00f5es Unidas (ONU) em 2008 com o fim de estimular as sociedades a ter um maior conhecimento sobre o assunto.<\/p>\n<p>Fica nossa carinho para as nossas fam\u00edlias lindas! Acolhemos com amor TODAS as crian\u00e7as! Sem colocar qualquer diagn\u00f3stico na frente! Todas as crian\u00e7as merecem respeito e tem sim necessidades especiais!!<\/p>\n<p>E destacamos nesta data importante, as iniciativas mais lindas @circuitoinclusao @amaiscontagem @fatimadekwant @marcosmion<\/p>\n<p>Viva as nossas crian\u00e7as! Viva os nossos filhos!<\/p>\n<p>#kidsalive #Ingl\u00easparacrian\u00e7as #autismoinfantil<\/p>\n","protected":false},"excerpt":{"rendered":"<p>Nesta sexta-feira, 2 de abril, \u00e9 o Dia Mundial da Conscientiza\u00e7\u00e3o sobre o Autismo. Essa data foi estabelecida pela Organiza\u00e7\u00e3o das Na\u00e7\u00f5es Unidas (ONU) em 2008 com o fim de estimular as sociedades a ter um maior conhecimento sobre o assunto. Fica nossa carinho para as nossas fam\u00edlias lindas! Acolhemos com amor TODAS as crian\u00e7as! [&hellip;]<\/p>\n","protected":false},"author":1,"featured_media":0,"comment_status":"open","ping_status":"open","sticky":false,"template":"","format":"standard","meta":{"_monsterinsights_skip_tracking":false,"_monsterinsights_sitenote_active":false,"_monsterinsights_sitenote_note":"","_monsterinsights_sitenote_category":0,"footnotes":""},"categories":[10],"tags":[],"class_list":["post-2058","post","type-post","status-publish","format-standard","hentry","category-informativos"],"_links":{"self":[{"href":"https:\/\/kidsa.com\/2\/wp-json\/wp\/v2\/posts\/2058","targetHints":{"allow":["GET"]}}],"collection":[{"href":"https:\/\/kidsa.com\/2\/wp-json\/wp\/v2\/posts"}],"about":[{"href":"https:\/\/kidsa.com\/2\/wp-json\/wp\/v2\/types\/post"}],"author":[{"embeddable":true,"href":"https:\/\/kidsa.com\/2\/wp-json\/wp\/v2\/users\/1"}],"replies":[{"embeddable":true,"href":"https:\/\/kidsa.com\/2\/wp-json\/wp\/v2\/comments?post=2058"}],"version-history":[{"count":2,"href":"https:\/\/kidsa.com\/2\/wp-json\/wp\/v2\/posts\/2058\/revisions"}],"predecessor-version":[{"id":2061,"href":"https:\/\/kidsa.com\/2\/wp-json\/wp\/v2\/posts\/2058\/revisions\/2061"}],"wp:attachment":[{"href":"https:\/\/kidsa.com\/2\/wp-json\/wp\/v2\/media?parent=2058"}],"wp:term":[{"taxonomy":"category","embeddable":true,"href":"https:\/\/kidsa.com\/2\/wp-json\/wp\/v2\/categories?post=2058"},{"taxonomy":"post_tag","embeddable":true,"href":"https:\/\/kidsa.com\/2\/wp-json\/wp\/v2\/tags?post=2058"}],"curies":[{"name":"wp","href":"https:\/\/api.w.org\/{rel}","templated":true}]}}