{"id":2248,"date":"2021-04-14T11:47:36","date_gmt":"2021-04-14T14:47:36","guid":{"rendered":"https:\/\/kidsa.com\/?p=2248"},"modified":"2021-07-19T10:51:36","modified_gmt":"2021-07-19T13:51:36","slug":"qual-e-o-tempo-ideal-da-crianca-na-internet","status":"publish","type":"post","link":"https:\/\/kidsa.com\/2\/noticias\/qual-e-o-tempo-ideal-da-crianca-na-internet\/","title":{"rendered":"QUAL \u00c9 O TEMPO IDEAL DA CRIAN\u00c7A NA INTERNET?"},"content":{"rendered":"<p>Muito se debate sobre qual \u00e9 a idade ideal para inserir a tecnologia na vida das crian\u00e7as. Mas a verdade \u00e9 que, no mundo em que vivemos, \u00e9 simplesmente imposs\u00edvel estabelecer um momento certo.<\/p>\n<p>As crian\u00e7as atualmente j\u00e1 nascem em uma sociedade imersa na tecnologia. Desde a primeira vez que elas abrem os olhos, j\u00e1 enxergam pessoas utilizando\u00a0<em>smartphones<\/em>, pessoas jogando em seus tablets, assistindo a filmes em aplicativos. Por isso, a melhor alternativa quanto ao uso da tecnologia na inf\u00e2ncia, \u00e9 ensin\u00e1-los, ao inv\u00e9s de priv\u00e1-los de um item t\u00e3o essencial na vida moderna.<\/p>\n<h2><strong>Tecnologia na inf\u00e2ncia: qual a import\u00e2ncia de colocar limites?<\/strong><\/h2>\n<p>De acordo com uma pesquisa realizada em 2014, pela\u00a0<a href=\"https:\/\/www.semprefamilia.com.br\/uso-de-tecnologia-por-criancas-beneficio-ou-perda-da-infancia\/\">AVG Technologies<\/a><u>,<\/u>\u00a0com fam\u00edlias em todo o mundo, \u201c66% das crian\u00e7as entre 3 e 5 anos de idade conseguiam usar jogos de computador, 47% sabiam como usar um smartphone, mas apenas 14% eram capazes de amarrar os sapatos sozinhas\u201d.<\/p>\n<p>Em 2017, a UNICEF publicou um estudo pelo qual pode-se concluir que 1 a cada 3 usu\u00e1rios de internet no mundo \u00e9 uma crian\u00e7a. E, infelizmente, uma grande parte dessas crian\u00e7as utilizam a tecnologia sem as devidas diretrizes de um adulto e de forma extremamente excessiva.<\/p>\n<p>O uso excessivo da tecnologia na inf\u00e2ncia pode contribuir para problemas como obesidade, perda de sono, dor de cabe\u00e7a, entre outros\u2026<\/p>\n<p>Mas como impor esses limites?<\/p>\n<h2>Qual o tempo-limite de uso da internet na inf\u00e2ncia?<\/h2>\n<p>A tecnologia \u00e9 parte relevante de nossas vidas, por isso \u00e9 importante n\u00e3o privar as crian\u00e7as da mesma, e sim ensin\u00e1-las a usar da forma correta e adequada \u00e0 faixa et\u00e1ria.<\/p>\n<p>A come\u00e7ar com<strong>\u00a0o tempo<\/strong>. A\u00a0<a href=\"https:\/\/www.tecmundo.com.br\/saude\/115764-quanto-tempo-frente-tela-saudavel-criancas.htm\">Academia Americana de Pediatria (AAP)<\/a>, em 2016, publicou diretrizes a respeito do tempo-limite para crian\u00e7as ficarem na frente de uma tela:<\/p>\n<p>\u201cPara crian\u00e7as de 2 a 5 anos, o ideal \u00e9 no m\u00e1ximo 1 hora por dia sendo dedicada a esses aparelhos, mas sempre procurando conte\u00fado de qualidade\u201d. Neste quesito, a tecnologia na inf\u00e2ncia pode ser inclusive uma grande aliada pedag\u00f3gica.<\/p>\n<h2>Como usar a tecnologia a favor da sua crian\u00e7a?<\/h2>\n<p>T\u00e3o importante quanto o tempo que a crian\u00e7a passa em frente \u00e0 tela, \u00e9 o que ela consome em termos de conte\u00fado.<\/p>\n<p>Escolher os conte\u00fados certos para sua crian\u00e7a, com conte\u00fado pedag\u00f3gico e desenvolvido de forma cuidadosa pode ser extremamente ben\u00e9fico. A tecnologia nesse aspecto pode estimular a concentra\u00e7\u00e3o e o racioc\u00ednio l\u00f3gico.<\/p>\n<p>Procure escolher conte\u00fados educativos e que despertem o interesse do seu filho por temas novos, que talvez ele n\u00e3o teria contato se n\u00e3o fosse pela internet.<\/p>\n<p>E n\u00e3o poder\u00edamos falar sobre conte\u00fado de qualidade, com cunho pedag\u00f3gico, sem falar sobre o\u00a0<strong>Kidsa English<\/strong>.<\/p>\n<p>O Kidsa English \u00e9 uma sala de aula de ingl\u00eas na palma das m\u00e3os do seu filho. O curso possui diversos tipos de conte\u00fado, como jogos, livros, v\u00eddeos, m\u00fasicas, que v\u00e3o ensinar seu filho a falar ingl\u00eas de forma educativa, segura e divertida.<\/p>\n","protected":false},"excerpt":{"rendered":"<p>Muito se debate sobre qual \u00e9 a idade ideal para inserir a tecnologia na vida das crian\u00e7as. Mas a verdade \u00e9 que, no mundo em que vivemos, \u00e9 simplesmente imposs\u00edvel estabelecer um momento certo. As crian\u00e7as atualmente j\u00e1 nascem em uma sociedade imersa na tecnologia. Desde a primeira vez que elas abrem os olhos, j\u00e1 [&hellip;]<\/p>\n","protected":false},"author":1,"featured_media":2249,"comment_status":"open","ping_status":"open","sticky":false,"template":"","format":"standard","meta":{"_monsterinsights_skip_tracking":false,"_monsterinsights_sitenote_active":false,"_monsterinsights_sitenote_note":"","_monsterinsights_sitenote_category":0,"footnotes":""},"categories":[9],"tags":[],"class_list":["post-2248","post","type-post","status-publish","format-standard","has-post-thumbnail","hentry","category-noticias"],"_links":{"self":[{"href":"https:\/\/kidsa.com\/2\/wp-json\/wp\/v2\/posts\/2248","targetHints":{"allow":["GET"]}}],"collection":[{"href":"https:\/\/kidsa.com\/2\/wp-json\/wp\/v2\/posts"}],"about":[{"href":"https:\/\/kidsa.com\/2\/wp-json\/wp\/v2\/types\/post"}],"author":[{"embeddable":true,"href":"https:\/\/kidsa.com\/2\/wp-json\/wp\/v2\/users\/1"}],"replies":[{"embeddable":true,"href":"https:\/\/kidsa.com\/2\/wp-json\/wp\/v2\/comments?post=2248"}],"version-history":[{"count":1,"href":"https:\/\/kidsa.com\/2\/wp-json\/wp\/v2\/posts\/2248\/revisions"}],"predecessor-version":[{"id":2250,"href":"https:\/\/kidsa.com\/2\/wp-json\/wp\/v2\/posts\/2248\/revisions\/2250"}],"wp:featuredmedia":[{"embeddable":true,"href":"https:\/\/kidsa.com\/2\/wp-json\/wp\/v2\/media\/2249"}],"wp:attachment":[{"href":"https:\/\/kidsa.com\/2\/wp-json\/wp\/v2\/media?parent=2248"}],"wp:term":[{"taxonomy":"category","embeddable":true,"href":"https:\/\/kidsa.com\/2\/wp-json\/wp\/v2\/categories?post=2248"},{"taxonomy":"post_tag","embeddable":true,"href":"https:\/\/kidsa.com\/2\/wp-json\/wp\/v2\/tags?post=2248"}],"curies":[{"name":"wp","href":"https:\/\/api.w.org\/{rel}","templated":true}]}}